{"id":600,"date":"2011-12-14T12:23:17","date_gmt":"2011-12-14T11:23:17","guid":{"rendered":"http:\/\/www.lp-design.de\/blog\/?p=600"},"modified":"2013-01-24T16:39:50","modified_gmt":"2013-01-24T15:39:50","slug":"dita-von-teese","status":"publish","type":"post","link":"http:\/\/www.lp-design.de\/blog\/?p=600","title":{"rendered":"Dita von Teese"},"content":{"rendered":"<p>F\u00fcr Christian von der Heide &#8211; Hamburg<\/p>\n<p>Dita von Teese ( Bourlesque-Star und T\u00e4nzerin ) bringt ihr eigenes Parfum auf den Markt: &#8222;Femme Totale&#8220;.<\/p>\n<p>Daf\u00fcr wurde ein &#8222;Dita von Teese&#8220;-Logo entwickelt.<\/p>\n<p>Entw\u00fcrfe.<\/p>\n<p><a href=\"http:\/\/www.lp-design.de\/blog\/wp-content\/uploads\/2011\/09\/dvt-entwurfe.jpg\" rel=\"lightbox[600]\"><img loading=\"lazy\" decoding=\"async\" class=\"aligncenter size-full wp-image-602\" title=\"dvt-entwurfe\" src=\"http:\/\/www.lp-design.de\/blog\/wp-content\/uploads\/2011\/09\/dvt-entwurfe.jpg\" alt=\"dvt-entwurfe\" width=\"400\" height=\"270\" \/><\/a><\/p>\n<p>Und das ist es geworden.<\/p>\n<p><a href=\"http:\/\/www.lp-design.de\/blog\/wp-content\/uploads\/2011\/09\/dvt-logo.jpg\" rel=\"lightbox[600]\"><img loading=\"lazy\" decoding=\"async\" class=\"aligncenter size-full wp-image-603\" title=\"dvt-logo\" src=\"http:\/\/www.lp-design.de\/blog\/wp-content\/uploads\/2011\/09\/dvt-logo.jpg\" alt=\"dvt-logo\" width=\"400\" height=\"512\" \/><\/a><\/p>\n<p>&nbsp;<\/p>\n<p>Und ein wenig heraldische Zier f\u00fcr die Verpackung.<\/p>\n<p>&nbsp;<\/p>\n<p><a href=\"http:\/\/www.lp-design.de\/blog\/wp-content\/uploads\/2011\/12\/DvT-Crest-25.7.111.jpg\" rel=\"lightbox[600]\"><img loading=\"lazy\" decoding=\"async\" class=\"aligncenter size-full wp-image-620\" title=\"DvT-Crest-25.7.11\" src=\"http:\/\/www.lp-design.de\/blog\/wp-content\/uploads\/2011\/12\/DvT-Crest-25.7.111.jpg\" alt=\"\" width=\"500\" height=\"708\" srcset=\"http:\/\/www.lp-design.de\/blog\/wp-content\/uploads\/2011\/12\/DvT-Crest-25.7.111.jpg 500w, http:\/\/www.lp-design.de\/blog\/wp-content\/uploads\/2011\/12\/DvT-Crest-25.7.111-400x566.jpg 400w\" sizes=\"(max-width: 500px) 100vw, 500px\" \/><\/a><\/p>\n<p>&nbsp;<\/p>\n","protected":false},"excerpt":{"rendered":"<p>F\u00fcr Christian von der Heide &#8211; Hamburg Dita von Teese ( Bourlesque-Star und T\u00e4nzerin ) bringt ihr eigenes Parfum auf den Markt: &#8222;Femme Totale&#8220;. Daf\u00fcr wurde ein &#8222;Dita von Teese&#8220;-Logo entwickelt. Entw\u00fcrfe. Und das ist es geworden. &nbsp; Und ein wenig heraldische Zier f\u00fcr die Verpackung. &nbsp; &nbsp;<\/p>\n","protected":false},"author":2,"featured_media":0,"comment_status":"open","ping_status":"open","sticky":false,"template":"","format":"standard","meta":{"footnotes":""},"categories":[4,13,12,3],"tags":[],"class_list":["post-600","post","type-post","status-publish","format-standard","hentry","category-handschriften","category-heraldik","category-illustrationen","category-logos"],"_links":{"self":[{"href":"http:\/\/www.lp-design.de\/blog\/index.php?rest_route=\/wp\/v2\/posts\/600"}],"collection":[{"href":"http:\/\/www.lp-design.de\/blog\/index.php?rest_route=\/wp\/v2\/posts"}],"about":[{"href":"http:\/\/www.lp-design.de\/blog\/index.php?rest_route=\/wp\/v2\/types\/post"}],"author":[{"embeddable":true,"href":"http:\/\/www.lp-design.de\/blog\/index.php?rest_route=\/wp\/v2\/users\/2"}],"replies":[{"embeddable":true,"href":"http:\/\/www.lp-design.de\/blog\/index.php?rest_route=%2Fwp%2Fv2%2Fcomments&post=600"}],"version-history":[{"count":13,"href":"http:\/\/www.lp-design.de\/blog\/index.php?rest_route=\/wp\/v2\/posts\/600\/revisions"}],"predecessor-version":[{"id":641,"href":"http:\/\/www.lp-design.de\/blog\/index.php?rest_route=\/wp\/v2\/posts\/600\/revisions\/641"}],"wp:attachment":[{"href":"http:\/\/www.lp-design.de\/blog\/index.php?rest_route=%2Fwp%2Fv2%2Fmedia&parent=600"}],"wp:term":[{"taxonomy":"category","embeddable":true,"href":"http:\/\/www.lp-design.de\/blog\/index.php?rest_route=%2Fwp%2Fv2%2Fcategories&post=600"},{"taxonomy":"post_tag","embeddable":true,"href":"http:\/\/www.lp-design.de\/blog\/index.php?rest_route=%2Fwp%2Fv2%2Ftags&post=600"}],"curies":[{"name":"wp","href":"https:\/\/api.w.org\/{rel}","templated":true}]}}