{"id":544,"date":"2010-08-04T12:47:54","date_gmt":"2010-08-04T11:47:54","guid":{"rendered":"http:\/\/www.lp-design.de\/blog\/?p=544"},"modified":"2011-01-31T13:06:48","modified_gmt":"2011-01-31T12:06:48","slug":"inszenierte-welten","status":"publish","type":"post","link":"http:\/\/www.lp-design.de\/blog\/?p=544","title":{"rendered":"Inszenierte Welten"},"content":{"rendered":"<p>F\u00fcr Peter Schmidt.<\/p>\n<p>F\u00fcr das Cover des Buches wurde die Futura-Medium zugrunde gelegt.<\/p>\n<p><a href=\"http:\/\/www.lp-design.de\/blog\/wp-content\/uploads\/2011\/01\/lp-inszenierte-welten-typo.jpg\" rel=\"lightbox[544]\"><img loading=\"lazy\" decoding=\"async\" class=\"aligncenter size-full wp-image-545\" title=\"lp-inszenierte-welten-typo\" src=\"http:\/\/www.lp-design.de\/blog\/wp-content\/uploads\/2011\/01\/lp-inszenierte-welten-typo.jpg\" alt=\"lp-inszenierte-welten-typo\" width=\"400\" height=\"384\" \/><\/a><\/p>\n<p style=\"text-align: left;\">Dann erfolgte eine \u00dcberarbeitung, die das Schriftbild harmonischer und ausgeglichener erscheinen l\u00e4sst.<\/p>\n<p><a href=\"http:\/\/www.lp-design.de\/blog\/wp-content\/uploads\/2011\/01\/lp-inszenierte-welten.jpg\" rel=\"lightbox[544]\"><img loading=\"lazy\" decoding=\"async\" class=\"aligncenter size-full wp-image-546\" title=\"lp-inszenierte-welten\" src=\"http:\/\/www.lp-design.de\/blog\/wp-content\/uploads\/2011\/01\/lp-inszenierte-welten.jpg\" alt=\"lp-inszenierte-welten\" width=\"400\" height=\"384\" \/><\/a><\/p>\n","protected":false},"excerpt":{"rendered":"<p>F\u00fcr Peter Schmidt. F\u00fcr das Cover des Buches wurde die Futura-Medium zugrunde gelegt. Dann erfolgte eine \u00dcberarbeitung, die das Schriftbild harmonischer und ausgeglichener erscheinen l\u00e4sst.<\/p>\n","protected":false},"author":2,"featured_media":0,"comment_status":"open","ping_status":"open","sticky":false,"template":"","format":"standard","meta":{"footnotes":""},"categories":[3,11],"tags":[],"class_list":["post-544","post","type-post","status-publish","format-standard","hentry","category-logos","category-optimierungen"],"_links":{"self":[{"href":"http:\/\/www.lp-design.de\/blog\/index.php?rest_route=\/wp\/v2\/posts\/544"}],"collection":[{"href":"http:\/\/www.lp-design.de\/blog\/index.php?rest_route=\/wp\/v2\/posts"}],"about":[{"href":"http:\/\/www.lp-design.de\/blog\/index.php?rest_route=\/wp\/v2\/types\/post"}],"author":[{"embeddable":true,"href":"http:\/\/www.lp-design.de\/blog\/index.php?rest_route=\/wp\/v2\/users\/2"}],"replies":[{"embeddable":true,"href":"http:\/\/www.lp-design.de\/blog\/index.php?rest_route=%2Fwp%2Fv2%2Fcomments&post=544"}],"version-history":[{"count":5,"href":"http:\/\/www.lp-design.de\/blog\/index.php?rest_route=\/wp\/v2\/posts\/544\/revisions"}],"predecessor-version":[{"id":551,"href":"http:\/\/www.lp-design.de\/blog\/index.php?rest_route=\/wp\/v2\/posts\/544\/revisions\/551"}],"wp:attachment":[{"href":"http:\/\/www.lp-design.de\/blog\/index.php?rest_route=%2Fwp%2Fv2%2Fmedia&parent=544"}],"wp:term":[{"taxonomy":"category","embeddable":true,"href":"http:\/\/www.lp-design.de\/blog\/index.php?rest_route=%2Fwp%2Fv2%2Fcategories&post=544"},{"taxonomy":"post_tag","embeddable":true,"href":"http:\/\/www.lp-design.de\/blog\/index.php?rest_route=%2Fwp%2Fv2%2Ftags&post=544"}],"curies":[{"name":"wp","href":"https:\/\/api.w.org\/{rel}","templated":true}]}}