{"id":102,"date":"2007-07-20T17:12:23","date_gmt":"2007-07-20T16:12:23","guid":{"rendered":"http:\/\/www.lp-design.de\/blog\/?p=102"},"modified":"2008-08-23T19:41:25","modified_gmt":"2008-08-23T18:41:25","slug":"colian-nudelfabrikation-polen","status":"publish","type":"post","link":"http:\/\/www.lp-design.de\/blog\/?p=102","title":{"rendered":"Colian (Nudelfabrikation) &#8211; Polen"},"content":{"rendered":"<p>F\u00fcr Nomo Design &#8211; Warschau<\/p>\n<p>Diverse Vorschl\u00e4ge f\u00fcr ein neues Logo.<br \/>\n<center><br \/>\n<a href='http:\/\/www.lp-design.de\/blog\/wp-content\/uploads\/2008\/08\/colian_1.jpg' rel=\"lightbox[102]\"><img loading=\"lazy\" decoding=\"async\" src=\"http:\/\/www.lp-design.de\/blog\/wp-content\/uploads\/2008\/08\/colian_1.jpg\" alt=\"\" title=\"Diverse Vorschl\u00e4ge\" width=\"400\" height=\"599\" class=\"aligncenter size-full wp-image-105\" srcset=\"http:\/\/www.lp-design.de\/blog\/wp-content\/uploads\/2008\/08\/colian_1.jpg 400w, http:\/\/www.lp-design.de\/blog\/wp-content\/uploads\/2008\/08\/colian_1-267x400.jpg 267w\" sizes=\"(max-width: 400px) 100vw, 400px\" \/><\/a><br \/>\n<\/center><br \/>\nNach Beratung und Abstimmung wurden dem Kunden die folgenden Logos vorgestellt.<br \/>\n<center><br \/>\n<a style=\"text-decoration: none;\" href=\"http:\/\/www.lp-design.de\/blog\/wp-content\/uploads\/2008\/08\/colian_2.jpg\" rel=\"lightbox[102]\"><img loading=\"lazy\" decoding=\"async\" class=\"aligncenter size-medium wp-image-104\" style=\"text-decoration: underline;\" title=\"colian_2\" src=\"http:\/\/www.lp-design.de\/blog\/wp-content\/uploads\/2008\/08\/colian_2-400x108.jpg\" alt=\"\" width=\"400\" height=\"108\" srcset=\"http:\/\/www.lp-design.de\/blog\/wp-content\/uploads\/2008\/08\/colian_2-400x108.jpg 400w, http:\/\/www.lp-design.de\/blog\/wp-content\/uploads\/2008\/08\/colian_2.jpg 600w\" sizes=\"(max-width: 400px) 100vw, 400px\" \/><\/a><br \/>\n<\/center><\/p>\n","protected":false},"excerpt":{"rendered":"<p>F\u00fcr Nomo Design &#8211; Warschau Diverse Vorschl\u00e4ge f\u00fcr ein neues Logo. Nach Beratung und Abstimmung wurden dem Kunden die folgenden Logos vorgestellt.<\/p>\n","protected":false},"author":1,"featured_media":0,"comment_status":"open","ping_status":"open","sticky":false,"template":"","format":"standard","meta":{"footnotes":""},"categories":[1,3],"tags":[],"class_list":["post-102","post","type-post","status-publish","format-standard","hentry","category-allgemeines","category-logos"],"_links":{"self":[{"href":"http:\/\/www.lp-design.de\/blog\/index.php?rest_route=\/wp\/v2\/posts\/102"}],"collection":[{"href":"http:\/\/www.lp-design.de\/blog\/index.php?rest_route=\/wp\/v2\/posts"}],"about":[{"href":"http:\/\/www.lp-design.de\/blog\/index.php?rest_route=\/wp\/v2\/types\/post"}],"author":[{"embeddable":true,"href":"http:\/\/www.lp-design.de\/blog\/index.php?rest_route=\/wp\/v2\/users\/1"}],"replies":[{"embeddable":true,"href":"http:\/\/www.lp-design.de\/blog\/index.php?rest_route=%2Fwp%2Fv2%2Fcomments&post=102"}],"version-history":[{"count":0,"href":"http:\/\/www.lp-design.de\/blog\/index.php?rest_route=\/wp\/v2\/posts\/102\/revisions"}],"wp:attachment":[{"href":"http:\/\/www.lp-design.de\/blog\/index.php?rest_route=%2Fwp%2Fv2%2Fmedia&parent=102"}],"wp:term":[{"taxonomy":"category","embeddable":true,"href":"http:\/\/www.lp-design.de\/blog\/index.php?rest_route=%2Fwp%2Fv2%2Fcategories&post=102"},{"taxonomy":"post_tag","embeddable":true,"href":"http:\/\/www.lp-design.de\/blog\/index.php?rest_route=%2Fwp%2Fv2%2Ftags&post=102"}],"curies":[{"name":"wp","href":"https:\/\/api.w.org\/{rel}","templated":true}]}}